{"id":17160,"date":"2026-09-03T03:20:41","date_gmt":"2026-09-03T06:20:41","guid":{"rendered":"https:\/\/dpinamar.com.ar\/agenda\/?p=17160"},"modified":"2026-09-03T03:20:41","modified_gmt":"2026-09-03T06:20:41","slug":"pena-folklorica-en-pinamar","status":"publish","type":"post","link":"https:\/\/dpinamar.com.ar\/agenda\/pena-folklorica-en-pinamar\/","title":{"rendered":"Pe\u00f1a folkl\u00f3rica en Pinamar"},"content":{"rendered":"<h2>6 de septiembre. M\u00fasica en vivo, danzas y gastronom\u00eda en el Club Deportivo Pinamar<\/h2>\n<p>Una tarde para encontrarse alrededor del folklore, la m\u00fasica y el baile. El Club Deportivo Pinamar ser\u00e1 escenario de una nueva pe\u00f1a<strong> con artistas zonales y agrupaciones de danza en vivo.<\/strong><\/p>\n<p>La propuesta reunir\u00e1 a <strong>Eugenio Jerez, Horacio Far\u00edas, Sof\u00eda Montenegro, La \u00danika Cumbia, Daniel Caram, Tob\u00edas Elorz y Mar\u00eda de los \u00c1ngeles.<\/strong><\/p>\n<p>Tambi\u00e9n participar\u00e1n las agrupaciones <strong>De All\u00e1 It\u00e9, Ra\u00edces Criollas Ballet y Alma e&#8217; Chango<\/strong>, con danzas folkl\u00f3ricas en vivo.<\/p>\n<p>Y, como corresponde a toda buena pe\u00f1a, <strong>habr\u00e1 servicio de comidas para acompa\u00f1ar la jornada.<\/strong><\/p>\n<h3>Pe\u00f1a folkl\u00f3rica<\/h3>\n<ul>\n<li style=\"list-style-type: none;\">\n<ul>\n<li>Fecha: domingo 6 de septiembre 2026<\/li>\n<li>Horario: 12 hs<\/li>\n<li>Lugar: Club Deportivo Pinamar, De los Patos y Eneas<\/li>\n<li>Consultas: 02254 61-4071<\/li>\n<\/ul>\n<\/li>\n<\/ul>\n<blockquote><p>Las programaciones publicadas est\u00e1n sujetas a cambios de los organizadores<\/p><\/blockquote>\n","protected":false},"excerpt":{"rendered":"<p>6 de septiembre. M\u00fasica en vivo, danzas y gastronom\u00eda en el Club Deportivo Pinamar Una tarde para encontrarse alrededor del folklore, la m\u00fasica y el baile. El Club Deportivo Pinamar ser\u00e1 escenario de una nueva pe\u00f1a con artistas zonales y agrupaciones de danza en vivo. La propuesta reunir\u00e1 a Eugenio Jerez, Horacio Far\u00edas, Sof\u00eda Montenegro, [&hellip;]<\/p>\n","protected":false},"author":1,"featured_media":17162,"comment_status":"closed","ping_status":"closed","sticky":false,"template":"","format":"standard","meta":{"_lmt_disableupdate":"","_lmt_disable":"","ocean_front_end_style_editor":"no","ocean_post_layout":"","ocean_both_sidebars_style":"","ocean_both_sidebars_content_width":0,"ocean_both_sidebars_sidebars_width":0,"ocean_sidebar":"0","ocean_second_sidebar":"0","ocean_disable_margins":"enable","ocean_add_body_class":"","ocean_shortcode_before_top_bar":"","ocean_shortcode_after_top_bar":"","ocean_shortcode_before_header":"","ocean_shortcode_after_header":"","ocean_has_shortcode":"","ocean_shortcode_after_title":"","ocean_shortcode_before_footer_widgets":"","ocean_shortcode_after_footer_widgets":"","ocean_shortcode_before_footer_bottom":"","ocean_shortcode_after_footer_bottom":"","ocean_display_top_bar":"default","ocean_display_header":"default","ocean_header_style":"","ocean_center_header_left_menu":"0","ocean_custom_header_template":"0","ocean_custom_logo":0,"ocean_custom_retina_logo":0,"ocean_custom_logo_max_width":0,"ocean_custom_logo_tablet_max_width":0,"ocean_custom_logo_mobile_max_width":0,"ocean_custom_logo_max_height":0,"ocean_custom_logo_tablet_max_height":0,"ocean_custom_logo_mobile_max_height":0,"ocean_header_custom_menu":"0","ocean_menu_typo_font_family":"0","ocean_menu_typo_font_subset":"","ocean_menu_typo_font_size":0,"ocean_menu_typo_font_size_tablet":0,"ocean_menu_typo_font_size_mobile":0,"ocean_menu_typo_font_size_unit":"px","ocean_menu_typo_font_weight":"","ocean_menu_typo_font_weight_tablet":"","ocean_menu_typo_font_weight_mobile":"","ocean_menu_typo_transform":"","ocean_menu_typo_transform_tablet":"","ocean_menu_typo_transform_mobile":"","ocean_menu_typo_line_height":0,"ocean_menu_typo_line_height_tablet":0,"ocean_menu_typo_line_height_mobile":0,"ocean_menu_typo_line_height_unit":"","ocean_menu_typo_spacing":0,"ocean_menu_typo_spacing_tablet":0,"ocean_menu_typo_spacing_mobile":0,"ocean_menu_typo_spacing_unit":"","ocean_menu_link_color":"","ocean_menu_link_color_hover":"","ocean_menu_link_color_active":"","ocean_menu_link_background":"","ocean_menu_link_hover_background":"","ocean_menu_link_active_background":"","ocean_menu_social_links_bg":"","ocean_menu_social_hover_links_bg":"","ocean_menu_social_links_color":"","ocean_menu_social_hover_links_color":"","ocean_disable_title":"default","ocean_disable_heading":"default","ocean_post_title":"","ocean_post_subheading":"","ocean_post_title_style":"","ocean_post_title_background_color":"","ocean_post_title_background":0,"ocean_post_title_bg_image_position":"","ocean_post_title_bg_image_attachment":"","ocean_post_title_bg_image_repeat":"","ocean_post_title_bg_image_size":"","ocean_post_title_height":0,"ocean_post_title_bg_overlay":0.5,"ocean_post_title_bg_overlay_color":"","ocean_disable_breadcrumbs":"default","ocean_breadcrumbs_color":"","ocean_breadcrumbs_separator_color":"","ocean_breadcrumbs_links_color":"","ocean_breadcrumbs_links_hover_color":"","ocean_display_footer_widgets":"default","ocean_display_footer_bottom":"default","ocean_custom_footer_template":"0","iawp_total_views":0,"ocean_post_oembed":"","ocean_post_self_hosted_media":"","ocean_post_video_embed":"","ocean_link_format":"","ocean_link_format_target":"self","ocean_quote_format":"","ocean_quote_format_link":"post","ocean_gallery_link_images":"on","ocean_gallery_id":[],"footnotes":""},"categories":[12,4],"tags":[],"class_list":["post-17160","post","type-post","status-publish","format-standard","has-post-thumbnail","hentry","category-musica","category-agenda","entry","has-media"],"modified_by":"Roberto Bohmer","_links":{"self":[{"href":"https:\/\/dpinamar.com.ar\/agenda\/wp-json\/wp\/v2\/posts\/17160","targetHints":{"allow":["GET"]}}],"collection":[{"href":"https:\/\/dpinamar.com.ar\/agenda\/wp-json\/wp\/v2\/posts"}],"about":[{"href":"https:\/\/dpinamar.com.ar\/agenda\/wp-json\/wp\/v2\/types\/post"}],"author":[{"embeddable":true,"href":"https:\/\/dpinamar.com.ar\/agenda\/wp-json\/wp\/v2\/users\/1"}],"replies":[{"embeddable":true,"href":"https:\/\/dpinamar.com.ar\/agenda\/wp-json\/wp\/v2\/comments?post=17160"}],"version-history":[{"count":2,"href":"https:\/\/dpinamar.com.ar\/agenda\/wp-json\/wp\/v2\/posts\/17160\/revisions"}],"predecessor-version":[{"id":17164,"href":"https:\/\/dpinamar.com.ar\/agenda\/wp-json\/wp\/v2\/posts\/17160\/revisions\/17164"}],"wp:featuredmedia":[{"embeddable":true,"href":"https:\/\/dpinamar.com.ar\/agenda\/wp-json\/wp\/v2\/media\/17162"}],"wp:attachment":[{"href":"https:\/\/dpinamar.com.ar\/agenda\/wp-json\/wp\/v2\/media?parent=17160"}],"wp:term":[{"taxonomy":"category","embeddable":true,"href":"https:\/\/dpinamar.com.ar\/agenda\/wp-json\/wp\/v2\/categories?post=17160"},{"taxonomy":"post_tag","embeddable":true,"href":"https:\/\/dpinamar.com.ar\/agenda\/wp-json\/wp\/v2\/tags?post=17160"}],"curies":[{"name":"wp","href":"https:\/\/api.w.org\/{rel}","templated":true}]}}