{"id":17150,"date":"2026-09-03T02:37:41","date_gmt":"2026-09-03T05:37:41","guid":{"rendered":"https:\/\/dpinamar.com.ar\/agenda\/?p=17150"},"modified":"2026-09-03T02:41:51","modified_gmt":"2026-09-03T05:41:51","slug":"dia-del-artesano-en-pinamar","status":"publish","type":"post","link":"https:\/\/dpinamar.com.ar\/agenda\/dia-del-artesano-en-pinamar\/","title":{"rendered":"D\u00eda del Artesano en Pinamar"},"content":{"rendered":"<h2>5 y 6 de septiembre. Dos jornadas de artesan\u00eda, talleres y m\u00fasica el homenaje a \u201cEl Flaco\u201d Gervasio<\/h2>\n<p>Pinamar celebra el <strong>D\u00eda del Artesano<\/strong> con dos jornadas para acercarse <strong>al trabajo, la creatividad y los oficios<\/strong> de quienes transforman una idea en algo que podemos mirar, tocar y sentir.<\/p>\n<p>La propuesta invita a recorrer artesan\u00edas, descubrir un paseo escult\u00f3rico y participar de talleres y charlas para<strong> conocer m\u00e1s de cerca el universo de los creadores locales.<\/strong><\/p>\n<p>El encuentro tambi\u00e9n rendir\u00e1 homenaje al artista Alberto &#8220;El Flaco&#8221; Gervasio, escultor, tallador en madera, director de teatro, actor, guionista y muy querido referente cultural de la comunidad de Pinamar y Gral Madariaga.<\/p>\n<p>Habr\u00e1 adem\u00e1s m\u00fasica y distintas actividades para compartir durante ambas jornadas en el centro de la ciudad.<\/p>\n<p>Si quer\u00e9s conocer un poco m\u00e1s sobre El Flaco, <a href=\"https:\/\/dpinamar.com.ar\/noticias-pinamar\/flaco-gervasio-escultura.html\" target=\"_blank\" rel=\"noopener\">pod\u00e9s entrar a este link.<\/a><\/p>\n<h3>D\u00eda del Artesano de Pinamar<\/h3>\n<ul>\n<li style=\"list-style-type: none;\">\n<ul>\n<li>Fecha: 5 y 6 de septiembre<\/li>\n<li>Horario: desde las 12 hs<\/li>\n<li>Lugar: Av. Bunge y Marco Polo, Pinamar<\/li>\n<\/ul>\n<\/li>\n<\/ul>\n<blockquote><p>Las programaciones publicadas est\u00e1n sujetas a cambios de los organizadores<\/p><\/blockquote>\n","protected":false},"excerpt":{"rendered":"<p>5 y 6 de septiembre. Dos jornadas de artesan\u00eda, talleres y m\u00fasica el homenaje a \u201cEl Flaco\u201d Gervasio Pinamar celebra el D\u00eda del Artesano con dos jornadas para acercarse al trabajo, la creatividad y los oficios de quienes transforman una idea en algo que podemos mirar, tocar y sentir. La propuesta invita a recorrer artesan\u00edas, [&hellip;]<\/p>\n","protected":false},"author":1,"featured_media":17151,"comment_status":"closed","ping_status":"closed","sticky":false,"template":"","format":"standard","meta":{"_lmt_disableupdate":"no","_lmt_disable":"no","ocean_front_end_style_editor":"no","ocean_post_layout":"","ocean_both_sidebars_style":"","ocean_both_sidebars_content_width":0,"ocean_both_sidebars_sidebars_width":0,"ocean_sidebar":"0","ocean_second_sidebar":"0","ocean_disable_margins":"enable","ocean_add_body_class":"","ocean_shortcode_before_top_bar":"","ocean_shortcode_after_top_bar":"","ocean_shortcode_before_header":"","ocean_shortcode_after_header":"","ocean_has_shortcode":"","ocean_shortcode_after_title":"","ocean_shortcode_before_footer_widgets":"","ocean_shortcode_after_footer_widgets":"","ocean_shortcode_before_footer_bottom":"","ocean_shortcode_after_footer_bottom":"","ocean_display_top_bar":"default","ocean_display_header":"default","ocean_header_style":"","ocean_center_header_left_menu":"0","ocean_custom_header_template":"0","ocean_custom_logo":0,"ocean_custom_retina_logo":0,"ocean_custom_logo_max_width":0,"ocean_custom_logo_tablet_max_width":0,"ocean_custom_logo_mobile_max_width":0,"ocean_custom_logo_max_height":0,"ocean_custom_logo_tablet_max_height":0,"ocean_custom_logo_mobile_max_height":0,"ocean_header_custom_menu":"0","ocean_menu_typo_font_family":"0","ocean_menu_typo_font_subset":"","ocean_menu_typo_font_size":0,"ocean_menu_typo_font_size_tablet":0,"ocean_menu_typo_font_size_mobile":0,"ocean_menu_typo_font_size_unit":"px","ocean_menu_typo_font_weight":"","ocean_menu_typo_font_weight_tablet":"","ocean_menu_typo_font_weight_mobile":"","ocean_menu_typo_transform":"","ocean_menu_typo_transform_tablet":"","ocean_menu_typo_transform_mobile":"","ocean_menu_typo_line_height":0,"ocean_menu_typo_line_height_tablet":0,"ocean_menu_typo_line_height_mobile":0,"ocean_menu_typo_line_height_unit":"","ocean_menu_typo_spacing":0,"ocean_menu_typo_spacing_tablet":0,"ocean_menu_typo_spacing_mobile":0,"ocean_menu_typo_spacing_unit":"","ocean_menu_link_color":"","ocean_menu_link_color_hover":"","ocean_menu_link_color_active":"","ocean_menu_link_background":"","ocean_menu_link_hover_background":"","ocean_menu_link_active_background":"","ocean_menu_social_links_bg":"","ocean_menu_social_hover_links_bg":"","ocean_menu_social_links_color":"","ocean_menu_social_hover_links_color":"","ocean_disable_title":"default","ocean_disable_heading":"default","ocean_post_title":"","ocean_post_subheading":"","ocean_post_title_style":"","ocean_post_title_background_color":"","ocean_post_title_background":0,"ocean_post_title_bg_image_position":"","ocean_post_title_bg_image_attachment":"","ocean_post_title_bg_image_repeat":"","ocean_post_title_bg_image_size":"","ocean_post_title_height":0,"ocean_post_title_bg_overlay":0.5,"ocean_post_title_bg_overlay_color":"","ocean_disable_breadcrumbs":"default","ocean_breadcrumbs_color":"","ocean_breadcrumbs_separator_color":"","ocean_breadcrumbs_links_color":"","ocean_breadcrumbs_links_hover_color":"","ocean_display_footer_widgets":"default","ocean_display_footer_bottom":"default","ocean_custom_footer_template":"0","iawp_total_views":0,"ocean_post_oembed":"","ocean_post_self_hosted_media":"","ocean_post_video_embed":"","ocean_link_format":"","ocean_link_format_target":"self","ocean_quote_format":"","ocean_quote_format_link":"post","ocean_gallery_link_images":"on","ocean_gallery_id":[],"footnotes":""},"categories":[11,4,12],"tags":[],"class_list":["post-17150","post","type-post","status-publish","format-standard","has-post-thumbnail","hentry","category-paseos","category-agenda","category-musica","entry","has-media"],"modified_by":"Roberto Bohmer","_links":{"self":[{"href":"https:\/\/dpinamar.com.ar\/agenda\/wp-json\/wp\/v2\/posts\/17150","targetHints":{"allow":["GET"]}}],"collection":[{"href":"https:\/\/dpinamar.com.ar\/agenda\/wp-json\/wp\/v2\/posts"}],"about":[{"href":"https:\/\/dpinamar.com.ar\/agenda\/wp-json\/wp\/v2\/types\/post"}],"author":[{"embeddable":true,"href":"https:\/\/dpinamar.com.ar\/agenda\/wp-json\/wp\/v2\/users\/1"}],"replies":[{"embeddable":true,"href":"https:\/\/dpinamar.com.ar\/agenda\/wp-json\/wp\/v2\/comments?post=17150"}],"version-history":[{"count":4,"href":"https:\/\/dpinamar.com.ar\/agenda\/wp-json\/wp\/v2\/posts\/17150\/revisions"}],"predecessor-version":[{"id":17155,"href":"https:\/\/dpinamar.com.ar\/agenda\/wp-json\/wp\/v2\/posts\/17150\/revisions\/17155"}],"wp:featuredmedia":[{"embeddable":true,"href":"https:\/\/dpinamar.com.ar\/agenda\/wp-json\/wp\/v2\/media\/17151"}],"wp:attachment":[{"href":"https:\/\/dpinamar.com.ar\/agenda\/wp-json\/wp\/v2\/media?parent=17150"}],"wp:term":[{"taxonomy":"category","embeddable":true,"href":"https:\/\/dpinamar.com.ar\/agenda\/wp-json\/wp\/v2\/categories?post=17150"},{"taxonomy":"post_tag","embeddable":true,"href":"https:\/\/dpinamar.com.ar\/agenda\/wp-json\/wp\/v2\/tags?post=17150"}],"curies":[{"name":"wp","href":"https:\/\/api.w.org\/{rel}","templated":true}]}}