{"id":15507,"date":"2026-03-20T22:22:28","date_gmt":"2026-03-21T01:22:28","guid":{"rendered":"https:\/\/dpinamar.com.ar\/agenda\/?p=15507"},"modified":"2026-03-20T23:26:12","modified_gmt":"2026-03-21T02:26:12","slug":"alerta-por-tormentas-y-viento-este-sabado","status":"publish","type":"post","link":"https:\/\/dpinamar.com.ar\/agenda\/alerta-por-tormentas-y-viento-este-sabado\/","title":{"rendered":"Alerta por tormentas y viento este s\u00e1bado"},"content":{"rendered":"<h2>S\u00e1bado 21 en Pinamar<\/h2>\n<p>El Servicio Meteorol\u00f3gico Nacional emiti\u00f3 <strong>dos alertas amarillas para este s\u00e1bado 21 de marzo<\/strong> en Pinamar.\u00a0Una es por tormentas durante la ma\u00f1ana y la tarde. La otra, por vientos fuertes hacia la tarde y la noche.<\/p>\n<p>Se esperan lluvias y tormentas de distinta intensidad. Algunas pueden ser fuertes en forma puntual.\u00a0Puede haber mucha lluvia en poco tiempo, actividad el\u00e9ctrica, r\u00e1fagas de hasta 80 km\/h y ca\u00edda ocasional de granizo.<\/p>\n<p>El acumulado previsto va de 40 a 70 mm, con posibilidad de superarse en algunos sectores.<\/p>\n<p><strong>Por la tarde y noche se suma el viento del sudoeste.<\/strong> Soplar\u00e1 entre 35 y 50 km\/h, con r\u00e1fagas que podr\u00edan alcanzar los 70 km\/h.<\/p>\n<ul>\n<li>Se recomienda evitar salir si no es necesario. No sacar la basura y mantener limpios desag\u00fces.<\/li>\n<li>Si entra agua a la vivienda, desconectar electrodom\u00e9sticos y cortar la luz.<\/li>\n<li>Asegurar objetos sueltos como macetas o muebles livianos. Mantenerse alejado de ventanas y puertas.<\/li>\n<li>No refugiarse debajo de \u00e1rboles, postes o carteles. Manejar con precauci\u00f3n.<\/li>\n<\/ul>\n<p><strong>Mantenete informado, las condiciones siempre pueden variar respecto a lo pronosticado.<\/strong><\/p>\n<h3>Contactos \u00fatiles<\/h3>\n<ul>\n<li>Defensa Civil: 103<\/li>\n<li>Bomberos: 100<\/li>\n<li>Base Seguridad en Playas: 2254 491665<\/li>\n<li>Ojos en Alerta: 2254 588505<\/li>\n<\/ul>\n<blockquote><p>M\u00e1s informaci\u00f3n: www.smn.gob.ar<\/p><\/blockquote>\n","protected":false},"excerpt":{"rendered":"<p>S\u00e1bado 21 en Pinamar El Servicio Meteorol\u00f3gico Nacional emiti\u00f3 dos alertas amarillas para este s\u00e1bado 21 de marzo en Pinamar.\u00a0Una es por tormentas durante la ma\u00f1ana y la tarde. La otra, por vientos fuertes hacia la tarde y la noche. Se esperan lluvias y tormentas de distinta intensidad. Algunas pueden ser fuertes en forma puntual.\u00a0Puede [&hellip;]<\/p>\n","protected":false},"author":1,"featured_media":15512,"comment_status":"closed","ping_status":"closed","sticky":false,"template":"","format":"standard","meta":{"_lmt_disableupdate":"yes","_lmt_disable":"no","ocean_post_layout":"","ocean_both_sidebars_style":"","ocean_both_sidebars_content_width":0,"ocean_both_sidebars_sidebars_width":0,"ocean_sidebar":"0","ocean_second_sidebar":"0","ocean_disable_margins":"enable","ocean_add_body_class":"","ocean_shortcode_before_top_bar":"","ocean_shortcode_after_top_bar":"","ocean_shortcode_before_header":"","ocean_shortcode_after_header":"","ocean_has_shortcode":"","ocean_shortcode_after_title":"","ocean_shortcode_before_footer_widgets":"","ocean_shortcode_after_footer_widgets":"","ocean_shortcode_before_footer_bottom":"","ocean_shortcode_after_footer_bottom":"","ocean_display_top_bar":"default","ocean_display_header":"default","ocean_header_style":"","ocean_center_header_left_menu":"0","ocean_custom_header_template":"0","ocean_custom_logo":0,"ocean_custom_retina_logo":0,"ocean_custom_logo_max_width":0,"ocean_custom_logo_tablet_max_width":0,"ocean_custom_logo_mobile_max_width":0,"ocean_custom_logo_max_height":0,"ocean_custom_logo_tablet_max_height":0,"ocean_custom_logo_mobile_max_height":0,"ocean_header_custom_menu":"0","ocean_menu_typo_font_family":"0","ocean_menu_typo_font_subset":"","ocean_menu_typo_font_size":0,"ocean_menu_typo_font_size_tablet":0,"ocean_menu_typo_font_size_mobile":0,"ocean_menu_typo_font_size_unit":"px","ocean_menu_typo_font_weight":"","ocean_menu_typo_font_weight_tablet":"","ocean_menu_typo_font_weight_mobile":"","ocean_menu_typo_transform":"","ocean_menu_typo_transform_tablet":"","ocean_menu_typo_transform_mobile":"","ocean_menu_typo_line_height":0,"ocean_menu_typo_line_height_tablet":0,"ocean_menu_typo_line_height_mobile":0,"ocean_menu_typo_line_height_unit":"","ocean_menu_typo_spacing":0,"ocean_menu_typo_spacing_tablet":0,"ocean_menu_typo_spacing_mobile":0,"ocean_menu_typo_spacing_unit":"","ocean_menu_link_color":"","ocean_menu_link_color_hover":"","ocean_menu_link_color_active":"","ocean_menu_link_background":"","ocean_menu_link_hover_background":"","ocean_menu_link_active_background":"","ocean_menu_social_links_bg":"","ocean_menu_social_hover_links_bg":"","ocean_menu_social_links_color":"","ocean_menu_social_hover_links_color":"","ocean_disable_title":"default","ocean_disable_heading":"default","ocean_post_title":"","ocean_post_subheading":"","ocean_post_title_style":"","ocean_post_title_background_color":"","ocean_post_title_background":0,"ocean_post_title_bg_image_position":"","ocean_post_title_bg_image_attachment":"","ocean_post_title_bg_image_repeat":"","ocean_post_title_bg_image_size":"","ocean_post_title_height":0,"ocean_post_title_bg_overlay":0.5,"ocean_post_title_bg_overlay_color":"","ocean_disable_breadcrumbs":"default","ocean_breadcrumbs_color":"","ocean_breadcrumbs_separator_color":"","ocean_breadcrumbs_links_color":"","ocean_breadcrumbs_links_hover_color":"","ocean_display_footer_widgets":"default","ocean_display_footer_bottom":"default","ocean_custom_footer_template":"0","iawp_total_views":9,"ocean_post_oembed":"","ocean_post_self_hosted_media":"","ocean_post_video_embed":"","ocean_link_format":"","ocean_link_format_target":"self","ocean_quote_format":"","ocean_quote_format_link":"post","ocean_gallery_link_images":"on","ocean_gallery_id":[],"footnotes":""},"categories":[4],"tags":[],"class_list":["post-15507","post","type-post","status-publish","format-standard","has-post-thumbnail","hentry","category-agenda","entry","has-media"],"modified_by":"Roberto Bohmer","_links":{"self":[{"href":"https:\/\/dpinamar.com.ar\/agenda\/wp-json\/wp\/v2\/posts\/15507","targetHints":{"allow":["GET"]}}],"collection":[{"href":"https:\/\/dpinamar.com.ar\/agenda\/wp-json\/wp\/v2\/posts"}],"about":[{"href":"https:\/\/dpinamar.com.ar\/agenda\/wp-json\/wp\/v2\/types\/post"}],"author":[{"embeddable":true,"href":"https:\/\/dpinamar.com.ar\/agenda\/wp-json\/wp\/v2\/users\/1"}],"replies":[{"embeddable":true,"href":"https:\/\/dpinamar.com.ar\/agenda\/wp-json\/wp\/v2\/comments?post=15507"}],"version-history":[{"count":5,"href":"https:\/\/dpinamar.com.ar\/agenda\/wp-json\/wp\/v2\/posts\/15507\/revisions"}],"predecessor-version":[{"id":15513,"href":"https:\/\/dpinamar.com.ar\/agenda\/wp-json\/wp\/v2\/posts\/15507\/revisions\/15513"}],"wp:featuredmedia":[{"embeddable":true,"href":"https:\/\/dpinamar.com.ar\/agenda\/wp-json\/wp\/v2\/media\/15512"}],"wp:attachment":[{"href":"https:\/\/dpinamar.com.ar\/agenda\/wp-json\/wp\/v2\/media?parent=15507"}],"wp:term":[{"taxonomy":"category","embeddable":true,"href":"https:\/\/dpinamar.com.ar\/agenda\/wp-json\/wp\/v2\/categories?post=15507"},{"taxonomy":"post_tag","embeddable":true,"href":"https:\/\/dpinamar.com.ar\/agenda\/wp-json\/wp\/v2\/tags?post=15507"}],"curies":[{"name":"wp","href":"https:\/\/api.w.org\/{rel}","templated":true}]}}