{"id":15497,"date":"2026-03-20T03:48:20","date_gmt":"2026-03-20T06:48:20","guid":{"rendered":"https:\/\/dpinamar.com.ar\/agenda\/?p=15497"},"modified":"2026-03-20T03:48:20","modified_gmt":"2026-03-20T06:48:20","slug":"contrastes-sonoros-en-valeria-del-mar","status":"publish","type":"post","link":"https:\/\/dpinamar.com.ar\/agenda\/contrastes-sonoros-en-valeria-del-mar\/","title":{"rendered":"Contrastes Sonoros en Valeria del Mar"},"content":{"rendered":"<h2>Concierto con cl\u00e1sicos y m\u00fasica de pel\u00edculas<\/h2>\n<p>El viernes 20 de marzo se presenta <strong>Contrastes Sonoros en El Ojo y el Diamante<\/strong>, con un repertorio amplio que mezcla m\u00fasica cl\u00e1sica, obras populares y bandas sonoras.<\/p>\n<p>El concierto recorre piezas de compositores como <strong>Mozart, Bach, Vivaldi y Tchaikovsky, junto a m\u00fasica de pel\u00edculas y temas conocidos<\/strong> que hacen el programa m\u00e1s variado.<\/p>\n<p>Tambi\u00e9n se suman obras de John Williams, Hans Zimmer y m\u00fasica de<strong> Am\u00e9lie, Harry Potter y Piratas del Caribe<\/strong>, entre otros.<\/p>\n<p>La propuesta<strong> incluye buffet especial durante la noche<\/strong>, en un espacio \u00edntimo que combina m\u00fasica en vivo con una experiencia distinta para disfrutar.<\/p>\n<p>El concierto est\u00e1 a cargo de <strong>Elizaveta Akbalkan, violinista y pianista<\/strong> con trayectoria internacional, junto a <strong>Norma Pedrotti, artista y anfitriona del lugar.<\/strong><\/p>\n<p><strong>Detalles del evento<\/strong><\/p>\n<ul>\n<li style=\"list-style-type: none;\">\n<ul>\n<li>Fecha: Viernes 20 de marzo<\/li>\n<li>Horario: 20:00<\/li>\n<li>Lugar: El Ojo y el Diamante \u2013 Somellera 79, Valeria del Mar<\/li>\n<li>Entrada: $15.000 (incluye buffet especial)<\/li>\n<\/ul>\n<\/li>\n<\/ul>\n<p><strong><a href=\"https:\/\/akbalkan.art\/contrastes_sonoros\" target=\"_blank\" rel=\"nofollow noopener\">Consultas y entradas online en este link<\/a><\/strong><\/p>\n<blockquote><p>Las programaciones publicadas est\u00e1n sujetas a cambios de los organizadores.<\/p><\/blockquote>\n","protected":false},"excerpt":{"rendered":"<p>Concierto con cl\u00e1sicos y m\u00fasica de pel\u00edculas El viernes 20 de marzo se presenta Contrastes Sonoros en El Ojo y el Diamante, con un repertorio amplio que mezcla m\u00fasica cl\u00e1sica, obras populares y bandas sonoras. El concierto recorre piezas de compositores como Mozart, Bach, Vivaldi y Tchaikovsky, junto a m\u00fasica de pel\u00edculas y temas conocidos [&hellip;]<\/p>\n","protected":false},"author":1,"featured_media":15499,"comment_status":"closed","ping_status":"closed","sticky":false,"template":"","format":"standard","meta":{"_lmt_disableupdate":"no","_lmt_disable":"no","ocean_post_layout":"","ocean_both_sidebars_style":"","ocean_both_sidebars_content_width":0,"ocean_both_sidebars_sidebars_width":0,"ocean_sidebar":"0","ocean_second_sidebar":"0","ocean_disable_margins":"enable","ocean_add_body_class":"","ocean_shortcode_before_top_bar":"","ocean_shortcode_after_top_bar":"","ocean_shortcode_before_header":"","ocean_shortcode_after_header":"","ocean_has_shortcode":"","ocean_shortcode_after_title":"","ocean_shortcode_before_footer_widgets":"","ocean_shortcode_after_footer_widgets":"","ocean_shortcode_before_footer_bottom":"","ocean_shortcode_after_footer_bottom":"","ocean_display_top_bar":"default","ocean_display_header":"default","ocean_header_style":"","ocean_center_header_left_menu":"0","ocean_custom_header_template":"0","ocean_custom_logo":0,"ocean_custom_retina_logo":0,"ocean_custom_logo_max_width":0,"ocean_custom_logo_tablet_max_width":0,"ocean_custom_logo_mobile_max_width":0,"ocean_custom_logo_max_height":0,"ocean_custom_logo_tablet_max_height":0,"ocean_custom_logo_mobile_max_height":0,"ocean_header_custom_menu":"0","ocean_menu_typo_font_family":"0","ocean_menu_typo_font_subset":"","ocean_menu_typo_font_size":0,"ocean_menu_typo_font_size_tablet":0,"ocean_menu_typo_font_size_mobile":0,"ocean_menu_typo_font_size_unit":"px","ocean_menu_typo_font_weight":"","ocean_menu_typo_font_weight_tablet":"","ocean_menu_typo_font_weight_mobile":"","ocean_menu_typo_transform":"","ocean_menu_typo_transform_tablet":"","ocean_menu_typo_transform_mobile":"","ocean_menu_typo_line_height":0,"ocean_menu_typo_line_height_tablet":0,"ocean_menu_typo_line_height_mobile":0,"ocean_menu_typo_line_height_unit":"","ocean_menu_typo_spacing":0,"ocean_menu_typo_spacing_tablet":0,"ocean_menu_typo_spacing_mobile":0,"ocean_menu_typo_spacing_unit":"","ocean_menu_link_color":"","ocean_menu_link_color_hover":"","ocean_menu_link_color_active":"","ocean_menu_link_background":"","ocean_menu_link_hover_background":"","ocean_menu_link_active_background":"","ocean_menu_social_links_bg":"","ocean_menu_social_hover_links_bg":"","ocean_menu_social_links_color":"","ocean_menu_social_hover_links_color":"","ocean_disable_title":"default","ocean_disable_heading":"default","ocean_post_title":"","ocean_post_subheading":"","ocean_post_title_style":"","ocean_post_title_background_color":"","ocean_post_title_background":0,"ocean_post_title_bg_image_position":"","ocean_post_title_bg_image_attachment":"","ocean_post_title_bg_image_repeat":"","ocean_post_title_bg_image_size":"","ocean_post_title_height":0,"ocean_post_title_bg_overlay":0.5,"ocean_post_title_bg_overlay_color":"","ocean_disable_breadcrumbs":"default","ocean_breadcrumbs_color":"","ocean_breadcrumbs_separator_color":"","ocean_breadcrumbs_links_color":"","ocean_breadcrumbs_links_hover_color":"","ocean_display_footer_widgets":"default","ocean_display_footer_bottom":"default","ocean_custom_footer_template":"0","iawp_total_views":26,"ocean_post_oembed":"","ocean_post_self_hosted_media":"","ocean_post_video_embed":"","ocean_link_format":"","ocean_link_format_target":"self","ocean_quote_format":"","ocean_quote_format_link":"post","ocean_gallery_link_images":"on","ocean_gallery_id":[],"footnotes":""},"categories":[12],"tags":[],"class_list":["post-15497","post","type-post","status-publish","format-standard","has-post-thumbnail","hentry","category-musica","entry","has-media"],"modified_by":"Roberto Bohmer","_links":{"self":[{"href":"https:\/\/dpinamar.com.ar\/agenda\/wp-json\/wp\/v2\/posts\/15497","targetHints":{"allow":["GET"]}}],"collection":[{"href":"https:\/\/dpinamar.com.ar\/agenda\/wp-json\/wp\/v2\/posts"}],"about":[{"href":"https:\/\/dpinamar.com.ar\/agenda\/wp-json\/wp\/v2\/types\/post"}],"author":[{"embeddable":true,"href":"https:\/\/dpinamar.com.ar\/agenda\/wp-json\/wp\/v2\/users\/1"}],"replies":[{"embeddable":true,"href":"https:\/\/dpinamar.com.ar\/agenda\/wp-json\/wp\/v2\/comments?post=15497"}],"version-history":[{"count":2,"href":"https:\/\/dpinamar.com.ar\/agenda\/wp-json\/wp\/v2\/posts\/15497\/revisions"}],"predecessor-version":[{"id":15500,"href":"https:\/\/dpinamar.com.ar\/agenda\/wp-json\/wp\/v2\/posts\/15497\/revisions\/15500"}],"wp:featuredmedia":[{"embeddable":true,"href":"https:\/\/dpinamar.com.ar\/agenda\/wp-json\/wp\/v2\/media\/15499"}],"wp:attachment":[{"href":"https:\/\/dpinamar.com.ar\/agenda\/wp-json\/wp\/v2\/media?parent=15497"}],"wp:term":[{"taxonomy":"category","embeddable":true,"href":"https:\/\/dpinamar.com.ar\/agenda\/wp-json\/wp\/v2\/categories?post=15497"},{"taxonomy":"post_tag","embeddable":true,"href":"https:\/\/dpinamar.com.ar\/agenda\/wp-json\/wp\/v2\/tags?post=15497"}],"curies":[{"name":"wp","href":"https:\/\/api.w.org\/{rel}","templated":true}]}}