{"id":15471,"date":"2026-03-17T02:06:58","date_gmt":"2026-03-17T05:06:58","guid":{"rendered":"https:\/\/dpinamar.com.ar\/agenda\/?p=15471"},"modified":"2026-03-17T02:06:58","modified_gmt":"2026-03-17T05:06:58","slug":"pena-folclorica-en-ostende","status":"publish","type":"post","link":"https:\/\/dpinamar.com.ar\/agenda\/pena-folclorica-en-ostende\/","title":{"rendered":"Pe\u00f1a folcl\u00f3rica en Ostende"},"content":{"rendered":"<h2>M\u00fasica en vivo con artistas locales y del Litoral<\/h2>\n<p>El domingo 22 de marzo se realizar\u00e1 en Ostende una <strong>pe\u00f1a folcl\u00f3rica con m\u00fasica en vivo y servicio de cantina<\/strong>, en una noche pensada para disfrutar de nuestras ra\u00edces.<\/p>\n<p>El escenario tendr\u00e1 como protagonista a <strong>Esteban Cuestas, con un repertorio centrado en la m\u00fasica del Litoral<\/strong>, combinando cl\u00e1sicos y composiciones propias.<\/p>\n<p>Tambi\u00e9n se presentar\u00e1 el <strong>Grupo Folcl\u00f3rico De All\u00e1 It\u00e9, que suma danzas y tradici\u00f3n<\/strong> con una propuesta grupal que invita a meterse de lleno en el clima pe\u00f1ero.<\/p>\n<p>La noche contar\u00e1 adem\u00e1s con la participaci\u00f3n de <strong>Mart\u00edn Morales, quien aportar\u00e1 su estilo y recorrido dentro del folclore<\/strong> para completar la grilla art\u00edstica.<\/p>\n<p>La actividad es arancelada y se desarrollar\u00e1 en la <strong>Sociedad de Fomento de Ostende.<\/strong><\/p>\n<h3>Detalles del evento<\/h3>\n<ul>\n<li style=\"list-style-type: none;\">\n<ul>\n<li>Fecha: Domingo 22 de marzo<\/li>\n<li>Horario: 20:30<\/li>\n<li>Lugar: Sociedad de Fomento de Ostende (Misiones y Lyon, Ostende)<\/li>\n<li>Entrada: $10.000<\/li>\n<li>Servicio: Cantina disponible<\/li>\n<\/ul>\n<\/li>\n<\/ul>\n<blockquote><p>Las programaciones publicadas est\u00e1n sujetas a cambios de los organizadores.<\/p><\/blockquote>\n","protected":false},"excerpt":{"rendered":"<p>M\u00fasica en vivo con artistas locales y del Litoral El domingo 22 de marzo se realizar\u00e1 en Ostende una pe\u00f1a folcl\u00f3rica con m\u00fasica en vivo y servicio de cantina, en una noche pensada para disfrutar de nuestras ra\u00edces. El escenario tendr\u00e1 como protagonista a Esteban Cuestas, con un repertorio centrado en la m\u00fasica del Litoral, [&hellip;]<\/p>\n","protected":false},"author":1,"featured_media":15472,"comment_status":"closed","ping_status":"closed","sticky":false,"template":"","format":"standard","meta":{"_lmt_disableupdate":"","_lmt_disable":"","ocean_post_layout":"","ocean_both_sidebars_style":"","ocean_both_sidebars_content_width":0,"ocean_both_sidebars_sidebars_width":0,"ocean_sidebar":"0","ocean_second_sidebar":"0","ocean_disable_margins":"enable","ocean_add_body_class":"","ocean_shortcode_before_top_bar":"","ocean_shortcode_after_top_bar":"","ocean_shortcode_before_header":"","ocean_shortcode_after_header":"","ocean_has_shortcode":"","ocean_shortcode_after_title":"","ocean_shortcode_before_footer_widgets":"","ocean_shortcode_after_footer_widgets":"","ocean_shortcode_before_footer_bottom":"","ocean_shortcode_after_footer_bottom":"","ocean_display_top_bar":"default","ocean_display_header":"default","ocean_header_style":"","ocean_center_header_left_menu":"0","ocean_custom_header_template":"0","ocean_custom_logo":0,"ocean_custom_retina_logo":0,"ocean_custom_logo_max_width":0,"ocean_custom_logo_tablet_max_width":0,"ocean_custom_logo_mobile_max_width":0,"ocean_custom_logo_max_height":0,"ocean_custom_logo_tablet_max_height":0,"ocean_custom_logo_mobile_max_height":0,"ocean_header_custom_menu":"0","ocean_menu_typo_font_family":"0","ocean_menu_typo_font_subset":"","ocean_menu_typo_font_size":0,"ocean_menu_typo_font_size_tablet":0,"ocean_menu_typo_font_size_mobile":0,"ocean_menu_typo_font_size_unit":"px","ocean_menu_typo_font_weight":"","ocean_menu_typo_font_weight_tablet":"","ocean_menu_typo_font_weight_mobile":"","ocean_menu_typo_transform":"","ocean_menu_typo_transform_tablet":"","ocean_menu_typo_transform_mobile":"","ocean_menu_typo_line_height":0,"ocean_menu_typo_line_height_tablet":0,"ocean_menu_typo_line_height_mobile":0,"ocean_menu_typo_line_height_unit":"","ocean_menu_typo_spacing":0,"ocean_menu_typo_spacing_tablet":0,"ocean_menu_typo_spacing_mobile":0,"ocean_menu_typo_spacing_unit":"","ocean_menu_link_color":"","ocean_menu_link_color_hover":"","ocean_menu_link_color_active":"","ocean_menu_link_background":"","ocean_menu_link_hover_background":"","ocean_menu_link_active_background":"","ocean_menu_social_links_bg":"","ocean_menu_social_hover_links_bg":"","ocean_menu_social_links_color":"","ocean_menu_social_hover_links_color":"","ocean_disable_title":"default","ocean_disable_heading":"default","ocean_post_title":"","ocean_post_subheading":"","ocean_post_title_style":"","ocean_post_title_background_color":"","ocean_post_title_background":0,"ocean_post_title_bg_image_position":"","ocean_post_title_bg_image_attachment":"","ocean_post_title_bg_image_repeat":"","ocean_post_title_bg_image_size":"","ocean_post_title_height":0,"ocean_post_title_bg_overlay":0.5,"ocean_post_title_bg_overlay_color":"","ocean_disable_breadcrumbs":"default","ocean_breadcrumbs_color":"","ocean_breadcrumbs_separator_color":"","ocean_breadcrumbs_links_color":"","ocean_breadcrumbs_links_hover_color":"","ocean_display_footer_widgets":"default","ocean_display_footer_bottom":"default","ocean_custom_footer_template":"0","iawp_total_views":48,"ocean_post_oembed":"","ocean_post_self_hosted_media":"","ocean_post_video_embed":"","ocean_link_format":"","ocean_link_format_target":"self","ocean_quote_format":"","ocean_quote_format_link":"post","ocean_gallery_link_images":"on","ocean_gallery_id":[],"footnotes":""},"categories":[12],"tags":[],"class_list":["post-15471","post","type-post","status-publish","format-standard","has-post-thumbnail","hentry","category-musica","entry","has-media"],"modified_by":"Roberto Bohmer","_links":{"self":[{"href":"https:\/\/dpinamar.com.ar\/agenda\/wp-json\/wp\/v2\/posts\/15471","targetHints":{"allow":["GET"]}}],"collection":[{"href":"https:\/\/dpinamar.com.ar\/agenda\/wp-json\/wp\/v2\/posts"}],"about":[{"href":"https:\/\/dpinamar.com.ar\/agenda\/wp-json\/wp\/v2\/types\/post"}],"author":[{"embeddable":true,"href":"https:\/\/dpinamar.com.ar\/agenda\/wp-json\/wp\/v2\/users\/1"}],"replies":[{"embeddable":true,"href":"https:\/\/dpinamar.com.ar\/agenda\/wp-json\/wp\/v2\/comments?post=15471"}],"version-history":[{"count":1,"href":"https:\/\/dpinamar.com.ar\/agenda\/wp-json\/wp\/v2\/posts\/15471\/revisions"}],"predecessor-version":[{"id":15473,"href":"https:\/\/dpinamar.com.ar\/agenda\/wp-json\/wp\/v2\/posts\/15471\/revisions\/15473"}],"wp:featuredmedia":[{"embeddable":true,"href":"https:\/\/dpinamar.com.ar\/agenda\/wp-json\/wp\/v2\/media\/15472"}],"wp:attachment":[{"href":"https:\/\/dpinamar.com.ar\/agenda\/wp-json\/wp\/v2\/media?parent=15471"}],"wp:term":[{"taxonomy":"category","embeddable":true,"href":"https:\/\/dpinamar.com.ar\/agenda\/wp-json\/wp\/v2\/categories?post=15471"},{"taxonomy":"post_tag","embeddable":true,"href":"https:\/\/dpinamar.com.ar\/agenda\/wp-json\/wp\/v2\/tags?post=15471"}],"curies":[{"name":"wp","href":"https:\/\/api.w.org\/{rel}","templated":true}]}}