{"id":14941,"date":"2026-01-28T03:58:01","date_gmt":"2026-01-28T06:58:01","guid":{"rendered":"https:\/\/dpinamar.com.ar\/agenda\/?p=14941"},"modified":"2026-01-28T04:00:11","modified_gmt":"2026-01-28T07:00:11","slug":"baglietto-y-vitale-en-carilo","status":"publish","type":"post","link":"https:\/\/dpinamar.com.ar\/agenda\/baglietto-y-vitale-en-carilo\/","title":{"rendered":"Baglietto y Vitale en Caril\u00f3"},"content":{"rendered":"<h2>Tango y otras yerbas en vivo<\/h2>\n<p>23 de febrero <strong>Baglietto y Vitale se presentan en Caril\u00f3 con \u201cTango y otras yerbas\u201d<\/strong>, un espect\u00e1culo que toma al tango como punto de partida para recorrer canciones que forman parte de la memoria colectiva de la m\u00fasica argentina.<\/p>\n<p><strong>Dos figuras centrales de nuestra m\u00fasica<\/strong> vuelven a encontrarse sobre el escenario con una propuesta cuidada, cercana y profundamente musical.<\/p>\n<p>El di\u00e1logo entre el piano de Lito Vitale y la voz de Juan Carlos Baglietto marca el pulso de una noche pensada para escuchar y sentir.<\/p>\n<p>El repertorio combina tangos y canciones populares en versiones \u00edntimas, donde<strong> cada interpretaci\u00f3n se apoya en la sensibilidad y la complicidad art\u00edstica que los caracteriza<\/strong> desde hace d\u00e9cadas.<\/p>\n<p>El concierto se vive en un formato de cercan\u00eda, ideal para <strong>disfrutar de la m\u00fasica en un ambiente c\u00e1lido, acompa\u00f1ando la experiencia con una copa y buena compa\u00f1\u00eda<\/strong> en Templeton Caril\u00f3.<\/p>\n<p>Una propuesta para quienes disfrutan del tango, la canci\u00f3n popular y los encuentros en vivo <strong>que priorizan la emoci\u00f3n y la calidad musical.<\/strong><\/p>\n<h3>Detalles del evento<\/h3>\n<ul>\n<li style=\"list-style-type: none;\">\n<ul>\n<li>Fecha: 23 de febrero 2026<\/li>\n<li>Horario: 21.00<\/li>\n<li>Lugar: Templeton &#8211; Boyero 1498, Feria del Bosque, Caril\u00f3<\/li>\n<li><strong>Entradas: disponibles escribiendo al 2267 67-6400<\/strong><\/li>\n<\/ul>\n<\/li>\n<\/ul>\n<blockquote><p>Las programaciones publicadas est\u00e1n sujetas a cambios de los organizadores.<\/p><\/blockquote>\n","protected":false},"excerpt":{"rendered":"<p>Tango y otras yerbas en vivo 23 de febrero Baglietto y Vitale se presentan en Caril\u00f3 con \u201cTango y otras yerbas\u201d, un espect\u00e1culo que toma al tango como punto de partida para recorrer canciones que forman parte de la memoria colectiva de la m\u00fasica argentina. Dos figuras centrales de nuestra m\u00fasica vuelven a encontrarse sobre [&hellip;]<\/p>\n","protected":false},"author":1,"featured_media":14942,"comment_status":"closed","ping_status":"closed","sticky":false,"template":"","format":"standard","meta":{"_lmt_disableupdate":"no","_lmt_disable":"no","ocean_post_layout":"","ocean_both_sidebars_style":"","ocean_both_sidebars_content_width":0,"ocean_both_sidebars_sidebars_width":0,"ocean_sidebar":"0","ocean_second_sidebar":"0","ocean_disable_margins":"enable","ocean_add_body_class":"","ocean_shortcode_before_top_bar":"","ocean_shortcode_after_top_bar":"","ocean_shortcode_before_header":"","ocean_shortcode_after_header":"","ocean_has_shortcode":"","ocean_shortcode_after_title":"","ocean_shortcode_before_footer_widgets":"","ocean_shortcode_after_footer_widgets":"","ocean_shortcode_before_footer_bottom":"","ocean_shortcode_after_footer_bottom":"","ocean_display_top_bar":"default","ocean_display_header":"default","ocean_header_style":"","ocean_center_header_left_menu":"0","ocean_custom_header_template":"0","ocean_custom_logo":0,"ocean_custom_retina_logo":0,"ocean_custom_logo_max_width":0,"ocean_custom_logo_tablet_max_width":0,"ocean_custom_logo_mobile_max_width":0,"ocean_custom_logo_max_height":0,"ocean_custom_logo_tablet_max_height":0,"ocean_custom_logo_mobile_max_height":0,"ocean_header_custom_menu":"0","ocean_menu_typo_font_family":"0","ocean_menu_typo_font_subset":"","ocean_menu_typo_font_size":0,"ocean_menu_typo_font_size_tablet":0,"ocean_menu_typo_font_size_mobile":0,"ocean_menu_typo_font_size_unit":"px","ocean_menu_typo_font_weight":"","ocean_menu_typo_font_weight_tablet":"","ocean_menu_typo_font_weight_mobile":"","ocean_menu_typo_transform":"","ocean_menu_typo_transform_tablet":"","ocean_menu_typo_transform_mobile":"","ocean_menu_typo_line_height":0,"ocean_menu_typo_line_height_tablet":0,"ocean_menu_typo_line_height_mobile":0,"ocean_menu_typo_line_height_unit":"","ocean_menu_typo_spacing":0,"ocean_menu_typo_spacing_tablet":0,"ocean_menu_typo_spacing_mobile":0,"ocean_menu_typo_spacing_unit":"","ocean_menu_link_color":"","ocean_menu_link_color_hover":"","ocean_menu_link_color_active":"","ocean_menu_link_background":"","ocean_menu_link_hover_background":"","ocean_menu_link_active_background":"","ocean_menu_social_links_bg":"","ocean_menu_social_hover_links_bg":"","ocean_menu_social_links_color":"","ocean_menu_social_hover_links_color":"","ocean_disable_title":"default","ocean_disable_heading":"default","ocean_post_title":"","ocean_post_subheading":"","ocean_post_title_style":"","ocean_post_title_background_color":"","ocean_post_title_background":0,"ocean_post_title_bg_image_position":"","ocean_post_title_bg_image_attachment":"","ocean_post_title_bg_image_repeat":"","ocean_post_title_bg_image_size":"","ocean_post_title_height":0,"ocean_post_title_bg_overlay":0.5,"ocean_post_title_bg_overlay_color":"","ocean_disable_breadcrumbs":"default","ocean_breadcrumbs_color":"","ocean_breadcrumbs_separator_color":"","ocean_breadcrumbs_links_color":"","ocean_breadcrumbs_links_hover_color":"","ocean_display_footer_widgets":"default","ocean_display_footer_bottom":"default","ocean_custom_footer_template":"0","iawp_total_views":193,"ocean_post_oembed":"","ocean_post_self_hosted_media":"","ocean_post_video_embed":"","ocean_link_format":"","ocean_link_format_target":"self","ocean_quote_format":"","ocean_quote_format_link":"post","ocean_gallery_link_images":"on","ocean_gallery_id":[],"footnotes":""},"categories":[12,20],"tags":[],"class_list":["post-14941","post","type-post","status-publish","format-standard","has-post-thumbnail","hentry","category-musica","category-febrero-2026","entry","has-media"],"modified_by":"Roberto Bohmer","_links":{"self":[{"href":"https:\/\/dpinamar.com.ar\/agenda\/wp-json\/wp\/v2\/posts\/14941","targetHints":{"allow":["GET"]}}],"collection":[{"href":"https:\/\/dpinamar.com.ar\/agenda\/wp-json\/wp\/v2\/posts"}],"about":[{"href":"https:\/\/dpinamar.com.ar\/agenda\/wp-json\/wp\/v2\/types\/post"}],"author":[{"embeddable":true,"href":"https:\/\/dpinamar.com.ar\/agenda\/wp-json\/wp\/v2\/users\/1"}],"replies":[{"embeddable":true,"href":"https:\/\/dpinamar.com.ar\/agenda\/wp-json\/wp\/v2\/comments?post=14941"}],"version-history":[{"count":3,"href":"https:\/\/dpinamar.com.ar\/agenda\/wp-json\/wp\/v2\/posts\/14941\/revisions"}],"predecessor-version":[{"id":14945,"href":"https:\/\/dpinamar.com.ar\/agenda\/wp-json\/wp\/v2\/posts\/14941\/revisions\/14945"}],"wp:featuredmedia":[{"embeddable":true,"href":"https:\/\/dpinamar.com.ar\/agenda\/wp-json\/wp\/v2\/media\/14942"}],"wp:attachment":[{"href":"https:\/\/dpinamar.com.ar\/agenda\/wp-json\/wp\/v2\/media?parent=14941"}],"wp:term":[{"taxonomy":"category","embeddable":true,"href":"https:\/\/dpinamar.com.ar\/agenda\/wp-json\/wp\/v2\/categories?post=14941"},{"taxonomy":"post_tag","embeddable":true,"href":"https:\/\/dpinamar.com.ar\/agenda\/wp-json\/wp\/v2\/tags?post=14941"}],"curies":[{"name":"wp","href":"https:\/\/api.w.org\/{rel}","templated":true}]}}