{"id":14902,"date":"2026-01-27T05:47:16","date_gmt":"2026-01-27T08:47:16","guid":{"rendered":"https:\/\/dpinamar.com.ar\/agenda\/?p=14902"},"modified":"2026-01-27T05:48:27","modified_gmt":"2026-01-27T08:48:27","slug":"ave-fenix-presenta-cuerdas-paralelas-en-pinamar","status":"publish","type":"post","link":"https:\/\/dpinamar.com.ar\/agenda\/ave-fenix-presenta-cuerdas-paralelas-en-pinamar\/","title":{"rendered":"Ave F\u00e9nix presenta Cuerdas paralelas en Pinamar"},"content":{"rendered":"<h2>Cuarteto de cuerdas y cruce de g\u00e9neros en el Teatro de la Torre<\/h2>\n<p>El domingo 22 de febrero de 2026 se presenta en Pinamar Ave F\u00e9nix \u2013 Cuerdas paralelas, <strong>un espect\u00e1culo musical que propone un cruce entre la m\u00fasica cl\u00e1sica y g\u00e9neros populares como el rock, el pop, la electr\u00f3nica y las bandas sonoras de cine.<\/strong><\/p>\n<p>La propuesta est\u00e1 dirigida musicalmente por <strong>Manuel Wirzt<\/strong> y es interpretada por un cuarteto de cuerdas integrado por <strong>dos violines, viola y violonchelo,<\/strong> con arreglos originales que buscan ampliar los l\u00edmites tradicionales de estos instrumentos.<\/p>\n<p>El repertorio incluye versiones de <strong>temas nacionales e internacionales, cl\u00e1sicos y m\u00fasica de cine<\/strong>, trabajados con una puesta din\u00e1mica y un sonido potente. El espect\u00e1culo se apoya en el virtuosismo de los m\u00fasicos y en una fuerte interacci\u00f3n con el p\u00fablico, generando un clima cercano y participativo.<\/p>\n<p>Ave F\u00e9nix est\u00e1 integrado por Valter Izzo en viol\u00edn, Javier Kase en viol\u00edn, Pablo Raffo en viola y Nicol\u00e1s Mu\u00f1oz en violonchelo. Los arreglos est\u00e1n a cargo de Pablo Raffo y <strong>la direcci\u00f3n musical de Manuel Wirzt aporta una mirada esc\u00e9nica que integra m\u00fasica y actuaci\u00f3n.<\/strong><\/p>\n<p>Cuerdas paralelas ha sido presentado en distintos teatros de Argentina y Uruguay, consolid\u00e1ndose como <strong>una propuesta de proyecci\u00f3n internacional<\/strong> pensada para p\u00fablicos de todas las edades.<\/p>\n<ul>\n<li style=\"list-style-type: none;\">\n<ul>\n<li>Fecha: domingo 22 de febrero de 2026<\/li>\n<li>Horario: 21.30 hs<\/li>\n<li>Lugar: Teatro de la Torre<\/li>\n<li>Direcci\u00f3n: Av. Constituci\u00f3n 687<\/li>\n<li><a href=\"https:\/\/entradauno.com\/landing\/ave-fenix--?idEspectaculoCartel=15895&amp;cHashValidacion=d115215f4390157d88b8a0a1abd58e39294701c7\" target=\"_blank\" rel=\"nofollow noopener\">Entradas online para ver Ave Fenix<\/a><\/li>\n<li>Consultas: 2254 491678<\/li>\n<\/ul>\n<\/li>\n<\/ul>\n<blockquote><p>Las programaciones publicadas est\u00e1n sujetas a cambios de los organizadores<\/p><\/blockquote>\n<p><iframe title=\"YouTube video player\" src=\"https:\/\/www.youtube.com\/embed\/3izQwsqKs6I?si=ug_clf_5ymsBv4iz\" width=\"560\" height=\"315\" frameborder=\"0\" allowfullscreen=\"allowfullscreen\"><\/iframe><\/p>\n","protected":false},"excerpt":{"rendered":"<p>Cuarteto de cuerdas y cruce de g\u00e9neros en el Teatro de la Torre El domingo 22 de febrero de 2026 se presenta en Pinamar Ave F\u00e9nix \u2013 Cuerdas paralelas, un espect\u00e1culo musical que propone un cruce entre la m\u00fasica cl\u00e1sica y g\u00e9neros populares como el rock, el pop, la electr\u00f3nica y las bandas sonoras de [&hellip;]<\/p>\n","protected":false},"author":1,"featured_media":14907,"comment_status":"closed","ping_status":"closed","sticky":false,"template":"","format":"standard","meta":{"_lmt_disableupdate":"no","_lmt_disable":"no","ocean_post_layout":"","ocean_both_sidebars_style":"","ocean_both_sidebars_content_width":0,"ocean_both_sidebars_sidebars_width":0,"ocean_sidebar":"0","ocean_second_sidebar":"0","ocean_disable_margins":"enable","ocean_add_body_class":"","ocean_shortcode_before_top_bar":"","ocean_shortcode_after_top_bar":"","ocean_shortcode_before_header":"","ocean_shortcode_after_header":"","ocean_has_shortcode":"","ocean_shortcode_after_title":"","ocean_shortcode_before_footer_widgets":"","ocean_shortcode_after_footer_widgets":"","ocean_shortcode_before_footer_bottom":"","ocean_shortcode_after_footer_bottom":"","ocean_display_top_bar":"default","ocean_display_header":"default","ocean_header_style":"","ocean_center_header_left_menu":"0","ocean_custom_header_template":"0","ocean_custom_logo":0,"ocean_custom_retina_logo":0,"ocean_custom_logo_max_width":0,"ocean_custom_logo_tablet_max_width":0,"ocean_custom_logo_mobile_max_width":0,"ocean_custom_logo_max_height":0,"ocean_custom_logo_tablet_max_height":0,"ocean_custom_logo_mobile_max_height":0,"ocean_header_custom_menu":"0","ocean_menu_typo_font_family":"0","ocean_menu_typo_font_subset":"","ocean_menu_typo_font_size":0,"ocean_menu_typo_font_size_tablet":0,"ocean_menu_typo_font_size_mobile":0,"ocean_menu_typo_font_size_unit":"px","ocean_menu_typo_font_weight":"","ocean_menu_typo_font_weight_tablet":"","ocean_menu_typo_font_weight_mobile":"","ocean_menu_typo_transform":"","ocean_menu_typo_transform_tablet":"","ocean_menu_typo_transform_mobile":"","ocean_menu_typo_line_height":0,"ocean_menu_typo_line_height_tablet":0,"ocean_menu_typo_line_height_mobile":0,"ocean_menu_typo_line_height_unit":"","ocean_menu_typo_spacing":0,"ocean_menu_typo_spacing_tablet":0,"ocean_menu_typo_spacing_mobile":0,"ocean_menu_typo_spacing_unit":"","ocean_menu_link_color":"","ocean_menu_link_color_hover":"","ocean_menu_link_color_active":"","ocean_menu_link_background":"","ocean_menu_link_hover_background":"","ocean_menu_link_active_background":"","ocean_menu_social_links_bg":"","ocean_menu_social_hover_links_bg":"","ocean_menu_social_links_color":"","ocean_menu_social_hover_links_color":"","ocean_disable_title":"default","ocean_disable_heading":"default","ocean_post_title":"","ocean_post_subheading":"","ocean_post_title_style":"","ocean_post_title_background_color":"","ocean_post_title_background":0,"ocean_post_title_bg_image_position":"","ocean_post_title_bg_image_attachment":"","ocean_post_title_bg_image_repeat":"","ocean_post_title_bg_image_size":"","ocean_post_title_height":0,"ocean_post_title_bg_overlay":0.5,"ocean_post_title_bg_overlay_color":"","ocean_disable_breadcrumbs":"default","ocean_breadcrumbs_color":"","ocean_breadcrumbs_separator_color":"","ocean_breadcrumbs_links_color":"","ocean_breadcrumbs_links_hover_color":"","ocean_display_footer_widgets":"default","ocean_display_footer_bottom":"default","ocean_custom_footer_template":"0","iawp_total_views":83,"ocean_post_oembed":"","ocean_post_self_hosted_media":"","ocean_post_video_embed":"","ocean_link_format":"","ocean_link_format_target":"self","ocean_quote_format":"","ocean_quote_format_link":"post","ocean_gallery_link_images":"on","ocean_gallery_id":[],"footnotes":""},"categories":[12,20,9],"tags":[],"class_list":["post-14902","post","type-post","status-publish","format-standard","has-post-thumbnail","hentry","category-musica","category-febrero-2026","category-teatros","entry","has-media"],"modified_by":"Roberto Bohmer","_links":{"self":[{"href":"https:\/\/dpinamar.com.ar\/agenda\/wp-json\/wp\/v2\/posts\/14902","targetHints":{"allow":["GET"]}}],"collection":[{"href":"https:\/\/dpinamar.com.ar\/agenda\/wp-json\/wp\/v2\/posts"}],"about":[{"href":"https:\/\/dpinamar.com.ar\/agenda\/wp-json\/wp\/v2\/types\/post"}],"author":[{"embeddable":true,"href":"https:\/\/dpinamar.com.ar\/agenda\/wp-json\/wp\/v2\/users\/1"}],"replies":[{"embeddable":true,"href":"https:\/\/dpinamar.com.ar\/agenda\/wp-json\/wp\/v2\/comments?post=14902"}],"version-history":[{"count":5,"href":"https:\/\/dpinamar.com.ar\/agenda\/wp-json\/wp\/v2\/posts\/14902\/revisions"}],"predecessor-version":[{"id":14908,"href":"https:\/\/dpinamar.com.ar\/agenda\/wp-json\/wp\/v2\/posts\/14902\/revisions\/14908"}],"wp:featuredmedia":[{"embeddable":true,"href":"https:\/\/dpinamar.com.ar\/agenda\/wp-json\/wp\/v2\/media\/14907"}],"wp:attachment":[{"href":"https:\/\/dpinamar.com.ar\/agenda\/wp-json\/wp\/v2\/media?parent=14902"}],"wp:term":[{"taxonomy":"category","embeddable":true,"href":"https:\/\/dpinamar.com.ar\/agenda\/wp-json\/wp\/v2\/categories?post=14902"},{"taxonomy":"post_tag","embeddable":true,"href":"https:\/\/dpinamar.com.ar\/agenda\/wp-json\/wp\/v2\/tags?post=14902"}],"curies":[{"name":"wp","href":"https:\/\/api.w.org\/{rel}","templated":true}]}}