{"id":14880,"date":"2026-01-27T04:31:54","date_gmt":"2026-01-27T07:31:54","guid":{"rendered":"https:\/\/dpinamar.com.ar\/agenda\/?p=14880"},"modified":"2026-02-11T16:40:21","modified_gmt":"2026-02-11T19:40:21","slug":"heroe-llega-a-pinamar-con-su-cinema-lirico","status":"publish","type":"post","link":"https:\/\/dpinamar.com.ar\/agenda\/heroe-llega-a-pinamar-con-su-cinema-lirico\/","title":{"rendered":"H\u00e9roe llega a Pinamar con su cinema l\u00edrico"},"content":{"rendered":"<h2>M\u00fasica y cine en el Teatro de la Torre<\/h2>\n<p>El s\u00e1bado 14 de febrero se presenta en Pinamar H\u00e9roe, un <strong>espect\u00e1culo que combina l\u00edrico pop y cine<\/strong>, con una puesta esc\u00e9nica que recorre escenas y emociones del s\u00e9ptimo arte.<\/p>\n<p>La propuesta invita a revivir momentos emblem\u00e1ticos de pel\u00edculas como <strong>Casablanca, Cinema Paradiso, El Padrino, Cantando bajo la lluvia, Il Postino, Mujer bonita, El fantasma de la \u00f3pera y Titanic, entre otros cl\u00e1sicos.<\/strong><\/p>\n<p>Con m\u00e1s de diez a\u00f1os de trayectoria, el tr\u00edo construye<strong> un show que cruza m\u00fasica, im\u00e1genes y actuaci\u00f3n<\/strong>, apelando al recuerdo, la emoci\u00f3n y el humor, con instancias de interacci\u00f3n con el p\u00fablico.<\/p>\n<p>El espect\u00e1culo est\u00e1 integrado por <strong>Federico Picone (bar\u00edtono), Alejandro Falcone (tenor l\u00edrico spinto) y Sebasti\u00e1n Russo (tenor l\u00edrico ligero)<\/strong>, acompa\u00f1ados por una banda en vivo conformada por teclado, bater\u00eda y guitarra.<\/p>\n<ul>\n<li style=\"list-style-type: none;\">\n<ul>\n<li>Fecha: s\u00e1bado 14 de febrero<\/li>\n<li>Horario: 21.30 hs<\/li>\n<li>Lugar: Teatro de la Torre<\/li>\n<li>Direcci\u00f3n: Av. Constituci\u00f3n 687<\/li>\n<li>Consultas: 2254 491678<\/li>\n<li><a href=\"https:\/\/www.tuentrada.com\/heroe-pinamar\" target=\"_blank\" rel=\"nofollow noopener\">Entradas online para Heroe en Pinamar<\/a><\/li>\n<\/ul>\n<\/li>\n<\/ul>\n<blockquote><p>Las programaciones publicadas est\u00e1n sujetas a cambios de los organizadores<\/p><\/blockquote>\n","protected":false},"excerpt":{"rendered":"<p>M\u00fasica y cine en el Teatro de la Torre El s\u00e1bado 14 de febrero se presenta en Pinamar H\u00e9roe, un espect\u00e1culo que combina l\u00edrico pop y cine, con una puesta esc\u00e9nica que recorre escenas y emociones del s\u00e9ptimo arte. La propuesta invita a revivir momentos emblem\u00e1ticos de pel\u00edculas como Casablanca, Cinema Paradiso, El Padrino, Cantando [&hellip;]<\/p>\n","protected":false},"author":1,"featured_media":12338,"comment_status":"closed","ping_status":"closed","sticky":false,"template":"","format":"standard","meta":{"_lmt_disableupdate":"no","_lmt_disable":"no","ocean_post_layout":"","ocean_both_sidebars_style":"","ocean_both_sidebars_content_width":0,"ocean_both_sidebars_sidebars_width":0,"ocean_sidebar":"0","ocean_second_sidebar":"0","ocean_disable_margins":"enable","ocean_add_body_class":"","ocean_shortcode_before_top_bar":"","ocean_shortcode_after_top_bar":"","ocean_shortcode_before_header":"","ocean_shortcode_after_header":"","ocean_has_shortcode":"","ocean_shortcode_after_title":"","ocean_shortcode_before_footer_widgets":"","ocean_shortcode_after_footer_widgets":"","ocean_shortcode_before_footer_bottom":"","ocean_shortcode_after_footer_bottom":"","ocean_display_top_bar":"default","ocean_display_header":"default","ocean_header_style":"","ocean_center_header_left_menu":"0","ocean_custom_header_template":"0","ocean_custom_logo":0,"ocean_custom_retina_logo":0,"ocean_custom_logo_max_width":0,"ocean_custom_logo_tablet_max_width":0,"ocean_custom_logo_mobile_max_width":0,"ocean_custom_logo_max_height":0,"ocean_custom_logo_tablet_max_height":0,"ocean_custom_logo_mobile_max_height":0,"ocean_header_custom_menu":"0","ocean_menu_typo_font_family":"0","ocean_menu_typo_font_subset":"","ocean_menu_typo_font_size":0,"ocean_menu_typo_font_size_tablet":0,"ocean_menu_typo_font_size_mobile":0,"ocean_menu_typo_font_size_unit":"px","ocean_menu_typo_font_weight":"","ocean_menu_typo_font_weight_tablet":"","ocean_menu_typo_font_weight_mobile":"","ocean_menu_typo_transform":"","ocean_menu_typo_transform_tablet":"","ocean_menu_typo_transform_mobile":"","ocean_menu_typo_line_height":0,"ocean_menu_typo_line_height_tablet":0,"ocean_menu_typo_line_height_mobile":0,"ocean_menu_typo_line_height_unit":"","ocean_menu_typo_spacing":0,"ocean_menu_typo_spacing_tablet":0,"ocean_menu_typo_spacing_mobile":0,"ocean_menu_typo_spacing_unit":"","ocean_menu_link_color":"","ocean_menu_link_color_hover":"","ocean_menu_link_color_active":"","ocean_menu_link_background":"","ocean_menu_link_hover_background":"","ocean_menu_link_active_background":"","ocean_menu_social_links_bg":"","ocean_menu_social_hover_links_bg":"","ocean_menu_social_links_color":"","ocean_menu_social_hover_links_color":"","ocean_disable_title":"default","ocean_disable_heading":"default","ocean_post_title":"","ocean_post_subheading":"","ocean_post_title_style":"","ocean_post_title_background_color":"","ocean_post_title_background":0,"ocean_post_title_bg_image_position":"","ocean_post_title_bg_image_attachment":"","ocean_post_title_bg_image_repeat":"","ocean_post_title_bg_image_size":"","ocean_post_title_height":0,"ocean_post_title_bg_overlay":0.5,"ocean_post_title_bg_overlay_color":"","ocean_disable_breadcrumbs":"default","ocean_breadcrumbs_color":"","ocean_breadcrumbs_separator_color":"","ocean_breadcrumbs_links_color":"","ocean_breadcrumbs_links_hover_color":"","ocean_display_footer_widgets":"default","ocean_display_footer_bottom":"default","ocean_custom_footer_template":"0","iawp_total_views":90,"ocean_post_oembed":"","ocean_post_self_hosted_media":"","ocean_post_video_embed":"","ocean_link_format":"","ocean_link_format_target":"self","ocean_quote_format":"","ocean_quote_format_link":"post","ocean_gallery_link_images":"on","ocean_gallery_id":[],"footnotes":""},"categories":[12,20,9],"tags":[],"class_list":["post-14880","post","type-post","status-publish","format-standard","has-post-thumbnail","hentry","category-musica","category-febrero-2026","category-teatros","entry","has-media"],"modified_by":"Roberto Bohmer","_links":{"self":[{"href":"https:\/\/dpinamar.com.ar\/agenda\/wp-json\/wp\/v2\/posts\/14880","targetHints":{"allow":["GET"]}}],"collection":[{"href":"https:\/\/dpinamar.com.ar\/agenda\/wp-json\/wp\/v2\/posts"}],"about":[{"href":"https:\/\/dpinamar.com.ar\/agenda\/wp-json\/wp\/v2\/types\/post"}],"author":[{"embeddable":true,"href":"https:\/\/dpinamar.com.ar\/agenda\/wp-json\/wp\/v2\/users\/1"}],"replies":[{"embeddable":true,"href":"https:\/\/dpinamar.com.ar\/agenda\/wp-json\/wp\/v2\/comments?post=14880"}],"version-history":[{"count":2,"href":"https:\/\/dpinamar.com.ar\/agenda\/wp-json\/wp\/v2\/posts\/14880\/revisions"}],"predecessor-version":[{"id":15148,"href":"https:\/\/dpinamar.com.ar\/agenda\/wp-json\/wp\/v2\/posts\/14880\/revisions\/15148"}],"wp:featuredmedia":[{"embeddable":true,"href":"https:\/\/dpinamar.com.ar\/agenda\/wp-json\/wp\/v2\/media\/12338"}],"wp:attachment":[{"href":"https:\/\/dpinamar.com.ar\/agenda\/wp-json\/wp\/v2\/media?parent=14880"}],"wp:term":[{"taxonomy":"category","embeddable":true,"href":"https:\/\/dpinamar.com.ar\/agenda\/wp-json\/wp\/v2\/categories?post=14880"},{"taxonomy":"post_tag","embeddable":true,"href":"https:\/\/dpinamar.com.ar\/agenda\/wp-json\/wp\/v2\/tags?post=14880"}],"curies":[{"name":"wp","href":"https:\/\/api.w.org\/{rel}","templated":true}]}}