{"id":11702,"date":"2025-06-19T06:00:22","date_gmt":"2025-06-19T09:00:22","guid":{"rendered":"https:\/\/dpinamar.com.ar\/agenda\/?p=11702"},"modified":"2025-06-28T19:27:57","modified_gmt":"2025-06-28T22:27:57","slug":"pinamar-distingue-a-su-gente-2025-2","status":"publish","type":"post","link":"https:\/\/dpinamar.com.ar\/agenda\/pinamar-distingue-a-su-gente-2025-2\/","title":{"rendered":"Pinamar Distingue a su Gente 2025"},"content":{"rendered":"<h2>Programaci\u00f3n de las actividades culturales y homenajes en toda la ciudad<\/h2>\n<p>En junio se realizar\u00e1 una nueva edici\u00f3n de la semana \u201c<strong>Pinamar distingue a su gente<\/strong>\u201d, una propuesta que celebra a la comunidad a trav\u00e9s del arte, la m\u00fasica, el encuentro y la historia compartida.<\/p>\n<p>Durante varios d\u00edas habr\u00e1<strong> actividades gratuitas en diferentes espacios de Pinamar, Ostende, Valeria del Mar y Caril\u00f3<\/strong>, con opciones para todas las edades: muestras, city tours, recitales y talleres.<\/p>\n<h3>Programaci\u00f3n de Pinamar Distingue a su Gente 2025<\/h3>\n<p><strong>\ud83d\udd37 Martes 24 de junio \u2013 15:00 h<\/strong><br \/>\nAv. Bunge y Playa<br \/>\n\u2022 Banda Militar \u201cTambor de Tacuar\u00ed\u201d \u2013 Regimiento de Infanter\u00eda 1 Patricios<\/p>\n<p><strong>\ud83d\udd37 Mi\u00e9rcoles 25 de junio \u2013 15:00 h<\/strong><br \/>\nCasa de artista \u201cEl Ojo y el Diamante\u201d \u2013 Somellera 79, Valeria del Mar<br \/>\n\u2022 Pioneros<br \/>\n\u2022 Talleres integrados<br \/>\n\u2022 Artistas pl\u00e1sticos<br \/>\n\u2022 Literatura<br \/>\n\u2022 M\u00fasica en vivo<br \/>\n\u2022 Muestra est\u00e1tica y din\u00e1mica<\/p>\n<p><strong>\ud83d\udd37 Jueves 26 de junio \u2013 18:00 h<\/strong><br \/>\nHotel Playas Art \u2013 Av. Bunge y De la Sirena, Pinamar<br \/>\n\u2022 Encuentros con protagonistas del libro \u201cTras las Huellas\u201d<br \/>\n\u2022 Danza folkl\u00f3rica con Agust\u00edn y Anah\u00ed<br \/>\n\u2022 Orquesta Municipal de Pinamar<\/p>\n<p><strong>\ud83d\udd37 Viernes 27 de junio \u2013 15:00 h<\/strong><br \/>\nCasa de artistas \u201cExperiencia Allona\u201d \u2013 Av. Interm\u00e9danos 615<br \/>\n\u2022 Taller de alfarer\u00eda y pintura en vivo<\/p>\n<p><strong>\ud83d\udd37 Viernes 27 de junio \u2013 19:00 h<\/strong><br \/>\nBiblioteca Popular Manuel Belgrano \u2013 De las Medusas 1230, Pinamar<br \/>\n\u2022 Celebraci\u00f3n del 55\u00ba aniversario<br \/>\n\u2022 Torta y brindis<br \/>\n\u2022 D\u00fao Squetino Carrascal<br \/>\n\u2022 Exposici\u00f3n de libros y m\u00e1s sorpresas<br \/>\nTel. 2254 485555<br \/>\nWhatsApp 2254 62-0162<\/p>\n<p><strong>\ud83d\udd37 S\u00e1bado 28 de junio \u2013 15:00 h<\/strong><br \/>\nOficina de Informaci\u00f3n Tur\u00edstica \u2013 Av. Bunge 827<br \/>\n\u2022 City Tour \u201cEl partido de Pinamar recorre su historia\u201d<br \/>\n\u2022 Recorrido guiado por Pinamar, Ostende, Valeria y Caril\u00f3<br \/>\nInscripciones: turismo@pinamar.gob.ar<\/p>\n<p><strong>\ud83d\udd37 S\u00e1bado 28 de junio \u2013 20:00 h <\/strong><span style=\"color: #ff6600;\">ACTIVIDAD SUSPENDIDA<\/span><br \/>\nClub Pinamar \u2013 De los Patos y Eneas, Pinamar<br \/>\n\u2022 Milongueando en el Club Pinamar: noche de milonga para compartir entre amigos<\/p>\n<p><strong>\ud83d\udd37 Domingo 29 de junio \u2013 <del>13:00 a 20:00 h\u00a0\u00a0<\/del><\/strong><span style=\"color: #ff6600;\">ACTIVIDAD REPROGRAMADA<\/span><br \/>\nTeatro de la Torre \u2013 Av. Constituci\u00f3n 687, Pinamar<br \/>\n<del>\u2022 \u201cBuscando Pioneros\u201d por Marco Polo<\/del><br \/>\n<del>\u2022 Artesanos<\/del><br \/>\n<del>\u2022 Emprendedores<\/del><br \/>\n<del>\u2022 Instituciones<br \/>\n<\/del>\u2022 Proyecci\u00f3n de cortos en el teatro<br \/>\n\u2022 Proyecci\u00f3n de la pel\u00edcula pinamarense &#8220;Potuto&#8221;<br \/>\nActividad reprogramada por cuestiones clim\u00e1ticas<br \/>\nNuevo horario: 15:30 h &#8211; Teatro de la Torre<br \/>\nConsultas: 2254 491678<\/p>\n<p><strong>\ud83d\udd37 Lunes 30 de junio \u2013 15:00 h<\/strong><br \/>\nConfiter\u00eda Divisadero \u2013 Acacia y Playa, Caril\u00f3<br \/>\n\u2022 Tarde de arte junto al mar con artistas locales<br \/>\n\u2022 Musicalizaci\u00f3n: \u201cPepe Chelo\u201d<\/p>\n<p><strong>\ud83d\udd37 Martes 1\u00b0 de julio \u2013 18:00 h<\/strong><br \/>\nTeatro de la Torre \u2013 Av. Constituci\u00f3n 687, Pinamar<br \/>\n\u2022 Entrega de distinciones votadas por la comunidad<br \/>\n\u2022 Festejo del cumplea\u00f1os N\u00ba 47 de Pinamar<br \/>\n\u2022 Armado de torta con UADE<br \/>\n\u2022 Brindis con \u201cLos Haroldos\u201d<\/p>\n<p>Consultas: 2254 491678<\/p>\n<blockquote><p>Las programaciones publicadas est\u00e1n sujetas a cambios de los organizadores.<\/p><\/blockquote>\n","protected":false},"excerpt":{"rendered":"<p>Programaci\u00f3n de las actividades culturales y homenajes en toda la ciudad En junio se realizar\u00e1 una nueva edici\u00f3n de la semana \u201cPinamar distingue a su gente\u201d, una propuesta que celebra a la comunidad a trav\u00e9s del arte, la m\u00fasica, el encuentro y la historia compartida. Durante varios d\u00edas habr\u00e1 actividades gratuitas en diferentes espacios de [&hellip;]<\/p>\n","protected":false},"author":1,"featured_media":11707,"comment_status":"closed","ping_status":"closed","sticky":false,"template":"","format":"standard","meta":{"_lmt_disableupdate":"no","_lmt_disable":"no","ocean_post_layout":"","ocean_both_sidebars_style":"","ocean_both_sidebars_content_width":0,"ocean_both_sidebars_sidebars_width":0,"ocean_sidebar":"0","ocean_second_sidebar":"0","ocean_disable_margins":"enable","ocean_add_body_class":"","ocean_shortcode_before_top_bar":"","ocean_shortcode_after_top_bar":"","ocean_shortcode_before_header":"","ocean_shortcode_after_header":"","ocean_has_shortcode":"","ocean_shortcode_after_title":"","ocean_shortcode_before_footer_widgets":"","ocean_shortcode_after_footer_widgets":"","ocean_shortcode_before_footer_bottom":"","ocean_shortcode_after_footer_bottom":"","ocean_display_top_bar":"default","ocean_display_header":"default","ocean_header_style":"","ocean_center_header_left_menu":"0","ocean_custom_header_template":"0","ocean_custom_logo":0,"ocean_custom_retina_logo":0,"ocean_custom_logo_max_width":0,"ocean_custom_logo_tablet_max_width":0,"ocean_custom_logo_mobile_max_width":0,"ocean_custom_logo_max_height":0,"ocean_custom_logo_tablet_max_height":0,"ocean_custom_logo_mobile_max_height":0,"ocean_header_custom_menu":"0","ocean_menu_typo_font_family":"0","ocean_menu_typo_font_subset":"","ocean_menu_typo_font_size":0,"ocean_menu_typo_font_size_tablet":0,"ocean_menu_typo_font_size_mobile":0,"ocean_menu_typo_font_size_unit":"px","ocean_menu_typo_font_weight":"","ocean_menu_typo_font_weight_tablet":"","ocean_menu_typo_font_weight_mobile":"","ocean_menu_typo_transform":"","ocean_menu_typo_transform_tablet":"","ocean_menu_typo_transform_mobile":"","ocean_menu_typo_line_height":0,"ocean_menu_typo_line_height_tablet":0,"ocean_menu_typo_line_height_mobile":0,"ocean_menu_typo_line_height_unit":"","ocean_menu_typo_spacing":0,"ocean_menu_typo_spacing_tablet":0,"ocean_menu_typo_spacing_mobile":0,"ocean_menu_typo_spacing_unit":"","ocean_menu_link_color":"","ocean_menu_link_color_hover":"","ocean_menu_link_color_active":"","ocean_menu_link_background":"","ocean_menu_link_hover_background":"","ocean_menu_link_active_background":"","ocean_menu_social_links_bg":"","ocean_menu_social_hover_links_bg":"","ocean_menu_social_links_color":"","ocean_menu_social_hover_links_color":"","ocean_disable_title":"default","ocean_disable_heading":"default","ocean_post_title":"","ocean_post_subheading":"","ocean_post_title_style":"","ocean_post_title_background_color":"","ocean_post_title_background":0,"ocean_post_title_bg_image_position":"","ocean_post_title_bg_image_attachment":"","ocean_post_title_bg_image_repeat":"","ocean_post_title_bg_image_size":"","ocean_post_title_height":0,"ocean_post_title_bg_overlay":0.5,"ocean_post_title_bg_overlay_color":"","ocean_disable_breadcrumbs":"default","ocean_breadcrumbs_color":"","ocean_breadcrumbs_separator_color":"","ocean_breadcrumbs_links_color":"","ocean_breadcrumbs_links_hover_color":"","ocean_display_footer_widgets":"default","ocean_display_footer_bottom":"default","ocean_custom_footer_template":"0","iawp_total_views":6,"ocean_post_oembed":"","ocean_post_self_hosted_media":"","ocean_post_video_embed":"","ocean_link_format":"","ocean_link_format_target":"self","ocean_quote_format":"","ocean_quote_format_link":"post","ocean_gallery_link_images":"on","ocean_gallery_id":[],"footnotes":""},"categories":[4,12,11,9],"tags":[],"class_list":["post-11702","post","type-post","status-publish","format-standard","has-post-thumbnail","hentry","category-agenda","category-musica","category-paseos","category-teatros","entry","has-media"],"modified_by":"Roberto Bohmer","_links":{"self":[{"href":"https:\/\/dpinamar.com.ar\/agenda\/wp-json\/wp\/v2\/posts\/11702","targetHints":{"allow":["GET"]}}],"collection":[{"href":"https:\/\/dpinamar.com.ar\/agenda\/wp-json\/wp\/v2\/posts"}],"about":[{"href":"https:\/\/dpinamar.com.ar\/agenda\/wp-json\/wp\/v2\/types\/post"}],"author":[{"embeddable":true,"href":"https:\/\/dpinamar.com.ar\/agenda\/wp-json\/wp\/v2\/users\/1"}],"replies":[{"embeddable":true,"href":"https:\/\/dpinamar.com.ar\/agenda\/wp-json\/wp\/v2\/comments?post=11702"}],"version-history":[{"count":5,"href":"https:\/\/dpinamar.com.ar\/agenda\/wp-json\/wp\/v2\/posts\/11702\/revisions"}],"predecessor-version":[{"id":11744,"href":"https:\/\/dpinamar.com.ar\/agenda\/wp-json\/wp\/v2\/posts\/11702\/revisions\/11744"}],"wp:featuredmedia":[{"embeddable":true,"href":"https:\/\/dpinamar.com.ar\/agenda\/wp-json\/wp\/v2\/media\/11707"}],"wp:attachment":[{"href":"https:\/\/dpinamar.com.ar\/agenda\/wp-json\/wp\/v2\/media?parent=11702"}],"wp:term":[{"taxonomy":"category","embeddable":true,"href":"https:\/\/dpinamar.com.ar\/agenda\/wp-json\/wp\/v2\/categories?post=11702"},{"taxonomy":"post_tag","embeddable":true,"href":"https:\/\/dpinamar.com.ar\/agenda\/wp-json\/wp\/v2\/tags?post=11702"}],"curies":[{"name":"wp","href":"https:\/\/api.w.org\/{rel}","templated":true}]}}