{"id":10558,"date":"2025-01-27T02:44:17","date_gmt":"2025-01-27T05:44:17","guid":{"rendered":"https:\/\/dpinamar.com.ar\/agenda\/?p=10558"},"modified":"2025-01-27T02:47:36","modified_gmt":"2025-01-27T05:47:36","slug":"tributos-a-paez-y-cerati-en-carilo","status":"publish","type":"post","link":"https:\/\/dpinamar.com.ar\/agenda\/tributos-a-paez-y-cerati-en-carilo\/","title":{"rendered":"Tributos a P\u00e1ez y Cerati en Caril\u00f3"},"content":{"rendered":"<h2><strong>El 1 y 2 de febrero, dos noches para disfrutar de la m\u00fasica de los grandes \u00edconos del rock argentino.\u00a0<\/strong><\/h2>\n<p>El fin de semana, Caril\u00f3 se llena de m\u00fasica con dos espect\u00e1culos inolvidables en el coraz\u00f3n del bosque: <strong>la magia de Fito P\u00e1ez y Gustavo Cerati ser\u00e1 recreada por artistas que rinden homenaje a estas figuras fundamentales de nuestra m\u00fasica nacional.<\/strong><\/p>\n<p>El s\u00e1bado 1 de febrero, <strong>Euforia Experiencia P\u00e1ez<\/strong>, liderada por Gabriel Ben\u00edtez, llevar\u00e1 al p\u00fablico por las melod\u00edas y letras que marcaron la carrera de Fito. Desde &#8220;El amor despu\u00e9s del amor&#8221; hasta las composiciones m\u00e1s emblem\u00e1ticas, <strong>esta banda marplatense promete un show cargado de emociones.<\/strong><\/p>\n<p>El domingo 2 de febrero ser\u00e1 el turno de <strong>Solo Cerati<\/strong>, un tributo fiel al legado de Gustavo Cerati. <strong>Liderado por Bri Tolenti<\/strong>, este homenaje revive los sonidos \u00fanicos del maestro, <strong>con una interpretaci\u00f3n respetuosa y profunda de sus grandes \u00e9xitos.<\/strong><\/p>\n<p>Dos noches imperdibles para los amantes del rock en un <strong>entorno \u00edntimo de Templeton con los mejores tragos y rodeado de naturaleza.<\/strong><\/p>\n<p><strong>Detalles de los eventos:<\/strong><\/p>\n<p><strong>Euforia Experiencia P\u00e1ez<\/strong><\/p>\n<ul>\n<li><strong>Fecha:<\/strong> S\u00e1bado 1 de febrero 2025<\/li>\n<li><strong>Horario:<\/strong> 22:00<\/li>\n<li><strong>Ubicaci\u00f3n:<\/strong> Boyero 1498, Feria del Bosque, Caril\u00f3<\/li>\n<li><strong>Entradas:<\/strong> WhatsApp +54 9 2267 676400<\/li>\n<\/ul>\n<p><strong>Solo Cerati<\/strong><\/p>\n<ul>\n<li><strong>Fecha:<\/strong> Domingo 2 de febrero 2025<\/li>\n<li><strong>Horario:<\/strong> 22:00<\/li>\n<li><strong>Ubicaci\u00f3n:<\/strong> Boyero 1498, Feria del Bosque, Caril\u00f3<\/li>\n<li><strong>Entradas:<\/strong> WhatsApp +54 9 2267 676400<\/li>\n<\/ul>\n<blockquote><p>Las programaciones publicadas est\u00e1n sujetas a cambios de los organizadores.<\/p><\/blockquote>\n<p><iframe style=\"border: 0;\" src=\"https:\/\/www.google.com\/maps\/embed?pb=!1m14!1m8!1m3!1d12717.708529862737!2d-56.90269200000001!3d-37.166319!3m2!1i1024!2i768!4f13.1!3m3!1m2!1s0x959c9d0d416cfbeb%3A0x5d2fd34fa33205ab!2sBar%20Templeton!5e0!3m2!1ses!2sar!4v1737956747987!5m2!1ses!2sar\" width=\"600\" height=\"450\" allowfullscreen=\"allowfullscreen\"><\/iframe><\/p>\n","protected":false},"excerpt":{"rendered":"<p>El 1 y 2 de febrero, dos noches para disfrutar de la m\u00fasica de los grandes \u00edconos del rock argentino.\u00a0 El fin de semana, Caril\u00f3 se llena de m\u00fasica con dos espect\u00e1culos inolvidables en el coraz\u00f3n del bosque: la magia de Fito P\u00e1ez y Gustavo Cerati ser\u00e1 recreada por artistas que rinden homenaje a estas [&hellip;]<\/p>\n","protected":false},"author":1,"featured_media":10561,"comment_status":"closed","ping_status":"closed","sticky":false,"template":"","format":"standard","meta":{"_lmt_disableupdate":"no","_lmt_disable":"no","ocean_post_layout":"","ocean_both_sidebars_style":"","ocean_both_sidebars_content_width":0,"ocean_both_sidebars_sidebars_width":0,"ocean_sidebar":"0","ocean_second_sidebar":"0","ocean_disable_margins":"enable","ocean_add_body_class":"","ocean_shortcode_before_top_bar":"","ocean_shortcode_after_top_bar":"","ocean_shortcode_before_header":"","ocean_shortcode_after_header":"","ocean_has_shortcode":"","ocean_shortcode_after_title":"","ocean_shortcode_before_footer_widgets":"","ocean_shortcode_after_footer_widgets":"","ocean_shortcode_before_footer_bottom":"","ocean_shortcode_after_footer_bottom":"","ocean_display_top_bar":"default","ocean_display_header":"default","ocean_header_style":"","ocean_center_header_left_menu":"0","ocean_custom_header_template":"0","ocean_custom_logo":0,"ocean_custom_retina_logo":0,"ocean_custom_logo_max_width":0,"ocean_custom_logo_tablet_max_width":0,"ocean_custom_logo_mobile_max_width":0,"ocean_custom_logo_max_height":0,"ocean_custom_logo_tablet_max_height":0,"ocean_custom_logo_mobile_max_height":0,"ocean_header_custom_menu":"0","ocean_menu_typo_font_family":"0","ocean_menu_typo_font_subset":"","ocean_menu_typo_font_size":0,"ocean_menu_typo_font_size_tablet":0,"ocean_menu_typo_font_size_mobile":0,"ocean_menu_typo_font_size_unit":"px","ocean_menu_typo_font_weight":"","ocean_menu_typo_font_weight_tablet":"","ocean_menu_typo_font_weight_mobile":"","ocean_menu_typo_transform":"","ocean_menu_typo_transform_tablet":"","ocean_menu_typo_transform_mobile":"","ocean_menu_typo_line_height":0,"ocean_menu_typo_line_height_tablet":0,"ocean_menu_typo_line_height_mobile":0,"ocean_menu_typo_line_height_unit":"","ocean_menu_typo_spacing":0,"ocean_menu_typo_spacing_tablet":0,"ocean_menu_typo_spacing_mobile":0,"ocean_menu_typo_spacing_unit":"","ocean_menu_link_color":"","ocean_menu_link_color_hover":"","ocean_menu_link_color_active":"","ocean_menu_link_background":"","ocean_menu_link_hover_background":"","ocean_menu_link_active_background":"","ocean_menu_social_links_bg":"","ocean_menu_social_hover_links_bg":"","ocean_menu_social_links_color":"","ocean_menu_social_hover_links_color":"","ocean_disable_title":"default","ocean_disable_heading":"default","ocean_post_title":"","ocean_post_subheading":"","ocean_post_title_style":"","ocean_post_title_background_color":"","ocean_post_title_background":0,"ocean_post_title_bg_image_position":"","ocean_post_title_bg_image_attachment":"","ocean_post_title_bg_image_repeat":"","ocean_post_title_bg_image_size":"","ocean_post_title_height":0,"ocean_post_title_bg_overlay":0.5,"ocean_post_title_bg_overlay_color":"","ocean_disable_breadcrumbs":"default","ocean_breadcrumbs_color":"","ocean_breadcrumbs_separator_color":"","ocean_breadcrumbs_links_color":"","ocean_breadcrumbs_links_hover_color":"","ocean_display_footer_widgets":"default","ocean_display_footer_bottom":"default","ocean_custom_footer_template":"0","iawp_total_views":0,"ocean_post_oembed":"","ocean_post_self_hosted_media":"","ocean_post_video_embed":"","ocean_link_format":"","ocean_link_format_target":"self","ocean_quote_format":"","ocean_quote_format_link":"post","ocean_gallery_link_images":"on","ocean_gallery_id":[],"footnotes":""},"categories":[12,4],"tags":[],"class_list":["post-10558","post","type-post","status-publish","format-standard","has-post-thumbnail","hentry","category-musica","category-agenda","entry","has-media"],"modified_by":"Roberto Bohmer","_links":{"self":[{"href":"https:\/\/dpinamar.com.ar\/agenda\/wp-json\/wp\/v2\/posts\/10558","targetHints":{"allow":["GET"]}}],"collection":[{"href":"https:\/\/dpinamar.com.ar\/agenda\/wp-json\/wp\/v2\/posts"}],"about":[{"href":"https:\/\/dpinamar.com.ar\/agenda\/wp-json\/wp\/v2\/types\/post"}],"author":[{"embeddable":true,"href":"https:\/\/dpinamar.com.ar\/agenda\/wp-json\/wp\/v2\/users\/1"}],"replies":[{"embeddable":true,"href":"https:\/\/dpinamar.com.ar\/agenda\/wp-json\/wp\/v2\/comments?post=10558"}],"version-history":[{"count":5,"href":"https:\/\/dpinamar.com.ar\/agenda\/wp-json\/wp\/v2\/posts\/10558\/revisions"}],"predecessor-version":[{"id":10564,"href":"https:\/\/dpinamar.com.ar\/agenda\/wp-json\/wp\/v2\/posts\/10558\/revisions\/10564"}],"wp:featuredmedia":[{"embeddable":true,"href":"https:\/\/dpinamar.com.ar\/agenda\/wp-json\/wp\/v2\/media\/10561"}],"wp:attachment":[{"href":"https:\/\/dpinamar.com.ar\/agenda\/wp-json\/wp\/v2\/media?parent=10558"}],"wp:term":[{"taxonomy":"category","embeddable":true,"href":"https:\/\/dpinamar.com.ar\/agenda\/wp-json\/wp\/v2\/categories?post=10558"},{"taxonomy":"post_tag","embeddable":true,"href":"https:\/\/dpinamar.com.ar\/agenda\/wp-json\/wp\/v2\/tags?post=10558"}],"curies":[{"name":"wp","href":"https:\/\/api.w.org\/{rel}","templated":true}]}}